{"id":164,"date":"2024-01-18T22:02:28","date_gmt":"2024-01-18T22:02:28","guid":{"rendered":"https:\/\/aniversario.usac.edu.gt\/?p=164"},"modified":"2025-01-31T12:49:21","modified_gmt":"2025-01-31T12:49:21","slug":"agenda-30-de-enero-de-2024","status":"publish","type":"post","link":"https:\/\/aniversario.usac.edu.gt\/index.php\/2024\/01\/18\/agenda-30-de-enero-de-2024\/","title":{"rendered":"Agenda 30 de Enero de 2025"},"content":{"rendered":"\n<p>Transmisi\u00f3n en linea, del acto protocolario por el 349 Aniversario de Fundaci\u00f3n de la Universidad de San Carlos de Guatemala.<\/p>\n\n\n\n<p>Para ver la transmisi\u00f3n archivada, puede hacer <a href=\"https:\/\/www.facebook.com\/share\/v\/1N2k8bPqdy\/?mibextid=wwXIfr\">click aqu\u00ed!<\/a><\/p>\n\n\n\n<figure class=\"wp-block-image size-full is-resized\"><img loading=\"lazy\" decoding=\"async\" width=\"902\" height=\"530\" src=\"https:\/\/aniversario.usac.edu.gt\/wp-content\/uploads\/2024\/01\/transmision.png\" alt=\"\" class=\"wp-image-313\" style=\"width:912px;height:auto\" srcset=\"https:\/\/aniversario.usac.edu.gt\/wp-content\/uploads\/2024\/01\/transmision.png 902w, https:\/\/aniversario.usac.edu.gt\/wp-content\/uploads\/2024\/01\/transmision-300x176.png 300w, https:\/\/aniversario.usac.edu.gt\/wp-content\/uploads\/2024\/01\/transmision-768x451.png 768w\" sizes=\"auto, (max-width: 902px) 100vw, 902px\" \/><\/figure>\n\n\n\n<p><strong>Exposici\u00f3n \u00abLa Revoluci\u00f3n de 1944: \u00c1lbum Familiar \u00c1rbenz\u00bb<\/strong><\/p>\n\n\n\n<p>En el marco de la celebraci\u00f3n del 349 aniversario de fundaci\u00f3n de la Tricentenaria <a href=\"https:\/\/www.facebook.com\/UsacOficial?__cft__[0]=AZUqysysogyqvGck4_Y-TqlVizHlvgRQWaJx14LkxkxrpCy44BbtTYnvgK-MHeiZm809q67yxgcEMkWK9KVkw_kGV9Td-d2xY9tjfQFxHQHShmmlLGKJuiGABuwBKJVdJ90Bg-VMxIVFM3iP4eWr3xbwwEP7gWE7lymvxFGklfKnTg&amp;__tn__=-]K-R\">Universidad de San Carlos de Guatemala<\/a>, se llev\u00f3 a cabo la inauguraci\u00f3n de la exposici\u00f3n \u00abLa Revoluci\u00f3n de 1944: \u00c1lbum Familiar \u00c1rbenz\u00bb y un recorrido guiado por el historiador Mynor Carrera. El evento tuvo lugar en el primer nivel del edificio de la Direcci\u00f3n General de Administraci\u00f3n y cont\u00f3 con la participaci\u00f3n de estudiantes de diversas unidades acad\u00e9micas. Para ver la nota completa, haga click aqu\u00ed!<\/p>\n\n\n\n<figure class=\"wp-block-image size-large\"><img loading=\"lazy\" decoding=\"async\" width=\"1024\" height=\"683\" src=\"https:\/\/aniversario.usac.edu.gt\/wp-content\/uploads\/2024\/01\/arbenz-1024x683.jpg\" alt=\"\" class=\"wp-image-316\" srcset=\"https:\/\/aniversario.usac.edu.gt\/wp-content\/uploads\/2024\/01\/arbenz-1024x683.jpg 1024w, https:\/\/aniversario.usac.edu.gt\/wp-content\/uploads\/2024\/01\/arbenz-300x200.jpg 300w, https:\/\/aniversario.usac.edu.gt\/wp-content\/uploads\/2024\/01\/arbenz-768x512.jpg 768w, https:\/\/aniversario.usac.edu.gt\/wp-content\/uploads\/2024\/01\/arbenz-1536x1024.jpg 1536w, https:\/\/aniversario.usac.edu.gt\/wp-content\/uploads\/2024\/01\/arbenz.jpg 2048w\" sizes=\"auto, (max-width: 1024px) 100vw, 1024px\" \/><\/figure>\n\n\n\n<p><strong>Segundo Dia de Exposici\u00f3n Itinerante<\/strong><\/p>\n\n\n\n<p>Segundo d\u00eda de Exposici\u00f3n Itinerante USAC Tricentenaria en el Centro Cultural de la Facultad de Humanidades, una iniciativa a cargo del <a href=\"https:\/\/www.facebook.com\/MuseodelaUSAC?__cft__[0]=AZW_FwVXuFqNGl3Ar9InXU2nYDjwMDuTJsw4D0_YJmzIJnSBrxKIjAMceReCJOzy3ZOWeYS2Vyuj9p6EkdSymO9lK1ie0c8SUP7hvYWoT7LnxGDJGndssd2Lb40B3HzmsDv-UYlyawsOOb4SOk1JLlYrQmQYOvFuwtK4x3N3QO_D_g&amp;__tn__=-]K-R\">MUSAC Guatemala<\/a>. Para ver la nota completa, haga <a href=\"https:\/\/www.facebook.com\/share\/p\/1942fWPLvv\/\">click aqu\u00ed!<\/a><\/p>\n\n\n\n<figure class=\"wp-block-image size-large\"><img loading=\"lazy\" decoding=\"async\" width=\"768\" height=\"1024\" src=\"https:\/\/aniversario.usac.edu.gt\/wp-content\/uploads\/2024\/01\/itinerante-1-768x1024.jpg\" alt=\"\" class=\"wp-image-320\" srcset=\"https:\/\/aniversario.usac.edu.gt\/wp-content\/uploads\/2024\/01\/itinerante-1-768x1024.jpg 768w, https:\/\/aniversario.usac.edu.gt\/wp-content\/uploads\/2024\/01\/itinerante-1-225x300.jpg 225w, https:\/\/aniversario.usac.edu.gt\/wp-content\/uploads\/2024\/01\/itinerante-1-1152x1536.jpg 1152w, https:\/\/aniversario.usac.edu.gt\/wp-content\/uploads\/2024\/01\/itinerante-1.jpg 1536w\" sizes=\"auto, (max-width: 768px) 100vw, 768px\" \/><\/figure>\n\n\n\n<p><strong>Proyecci\u00f3n Inmersiva<\/strong><\/p>\n\n\n\n<p>En conmemoraci\u00f3n de los 349 a\u00f1os de historia y academia de la Universidad de San Carlos de Guatemala, se realiz\u00f3 una proyecci\u00f3n inmersiva en la que estudiantes de diferentes unidades acad\u00e9micas experimentaron la realidad virtual inmersiva con una proyecci\u00f3n de fotos hist\u00f3ricas y un video grabado en diferentes localidades del campus central. Para ver la nota completa haga <a href=\"https:\/\/www.facebook.com\/share\/p\/14uwmZYjeo\/\">click aqu\u00ed!<\/a><\/p>\n\n\n\n<figure class=\"wp-block-image size-large\"><img loading=\"lazy\" decoding=\"async\" width=\"1024\" height=\"768\" src=\"https:\/\/aniversario.usac.edu.gt\/wp-content\/uploads\/2024\/01\/inmersiva-1024x768.jpg\" alt=\"\" class=\"wp-image-323\" srcset=\"https:\/\/aniversario.usac.edu.gt\/wp-content\/uploads\/2024\/01\/inmersiva-1024x768.jpg 1024w, https:\/\/aniversario.usac.edu.gt\/wp-content\/uploads\/2024\/01\/inmersiva-300x225.jpg 300w, https:\/\/aniversario.usac.edu.gt\/wp-content\/uploads\/2024\/01\/inmersiva-768x576.jpg 768w, https:\/\/aniversario.usac.edu.gt\/wp-content\/uploads\/2024\/01\/inmersiva-1536x1152.jpg 1536w, https:\/\/aniversario.usac.edu.gt\/wp-content\/uploads\/2024\/01\/inmersiva.jpg 2048w\" sizes=\"auto, (max-width: 1024px) 100vw, 1024px\" \/><\/figure>\n\n\n\n<p><\/p>\n","protected":false},"excerpt":{"rendered":"<p>Transmisi\u00f3n en linea, del acto protocolario por el 349 Aniversario de Fundaci\u00f3n de la Universidad de San Carlos de Guatemala. Para ver la transmisi\u00f3n archivada, puede hacer click aqu\u00ed! Exposici\u00f3n \u00abLa Revoluci\u00f3n de 1944: \u00c1lbum Familiar \u00c1rbenz\u00bb En el marco<\/p>\n","protected":false},"author":2,"featured_media":313,"comment_status":"closed","ping_status":"closed","sticky":false,"template":"","format":"standard","meta":{"footnotes":""},"categories":[1],"tags":[],"class_list":["post-164","post","type-post","status-publish","format-standard","has-post-thumbnail","hentry","category-uncategorized"],"_links":{"self":[{"href":"https:\/\/aniversario.usac.edu.gt\/index.php\/wp-json\/wp\/v2\/posts\/164","targetHints":{"allow":["GET"]}}],"collection":[{"href":"https:\/\/aniversario.usac.edu.gt\/index.php\/wp-json\/wp\/v2\/posts"}],"about":[{"href":"https:\/\/aniversario.usac.edu.gt\/index.php\/wp-json\/wp\/v2\/types\/post"}],"author":[{"embeddable":true,"href":"https:\/\/aniversario.usac.edu.gt\/index.php\/wp-json\/wp\/v2\/users\/2"}],"replies":[{"embeddable":true,"href":"https:\/\/aniversario.usac.edu.gt\/index.php\/wp-json\/wp\/v2\/comments?post=164"}],"version-history":[{"count":8,"href":"https:\/\/aniversario.usac.edu.gt\/index.php\/wp-json\/wp\/v2\/posts\/164\/revisions"}],"predecessor-version":[{"id":324,"href":"https:\/\/aniversario.usac.edu.gt\/index.php\/wp-json\/wp\/v2\/posts\/164\/revisions\/324"}],"wp:featuredmedia":[{"embeddable":true,"href":"https:\/\/aniversario.usac.edu.gt\/index.php\/wp-json\/wp\/v2\/media\/313"}],"wp:attachment":[{"href":"https:\/\/aniversario.usac.edu.gt\/index.php\/wp-json\/wp\/v2\/media?parent=164"}],"wp:term":[{"taxonomy":"category","embeddable":true,"href":"https:\/\/aniversario.usac.edu.gt\/index.php\/wp-json\/wp\/v2\/categories?post=164"},{"taxonomy":"post_tag","embeddable":true,"href":"https:\/\/aniversario.usac.edu.gt\/index.php\/wp-json\/wp\/v2\/tags?post=164"}],"curies":[{"name":"wp","href":"https:\/\/api.w.org\/{rel}","templated":true}]}}