{"id":42,"date":"2024-01-19T22:46:07","date_gmt":"2024-01-19T22:46:07","guid":{"rendered":"https:\/\/aniversario.usac.edu.gt\/?p=42"},"modified":"2025-02-03T15:47:50","modified_gmt":"2025-02-03T15:47:50","slug":"agenda-1-de-febrero","status":"publish","type":"post","link":"https:\/\/aniversario.usac.edu.gt\/index.php\/2024\/01\/19\/agenda-1-de-febrero\/","title":{"rendered":"Agenda 1 de Febrero de 2025"},"content":{"rendered":"\n<p>En el marco de la celebraci\u00f3n del 349 aniversario de la fundaci\u00f3n de la Universidad de San Carlos de Guatemala, se lleva a cabo la exposici\u00f3n de una colecci\u00f3n privada de piezas de cer\u00e1mica antigua del municipio de Rabinal, Baja Verapaz. La muestra se encuentra disponible por \u00fanica vez en el Centro Cultural de la Facultad de Humanidades, con el prop\u00f3sito de dar a conocer la t\u00e9cnica de modelado y pintura caracter\u00edstica de esta tradici\u00f3n cer\u00e1mica.<\/p>\n\n\n\n<p>Para ver la nota completa, haga <a href=\"https:\/\/www.facebook.com\/share\/p\/1E8LX5aPhG\/?mibextid=wwXIfr\">click aqu\u00ed!<\/a><\/p>\n\n\n\n<figure class=\"wp-block-image size-large\"><img loading=\"lazy\" decoding=\"async\" width=\"768\" height=\"1024\" src=\"https:\/\/aniversario.usac.edu.gt\/wp-content\/uploads\/2024\/01\/ceramica-768x1024.jpg\" alt=\"\" class=\"wp-image-329\" srcset=\"https:\/\/aniversario.usac.edu.gt\/wp-content\/uploads\/2024\/01\/ceramica-768x1024.jpg 768w, https:\/\/aniversario.usac.edu.gt\/wp-content\/uploads\/2024\/01\/ceramica-225x300.jpg 225w, https:\/\/aniversario.usac.edu.gt\/wp-content\/uploads\/2024\/01\/ceramica-1152x1536.jpg 1152w, https:\/\/aniversario.usac.edu.gt\/wp-content\/uploads\/2024\/01\/ceramica.jpg 1536w\" sizes=\"auto, (max-width: 768px) 100vw, 768px\" \/><\/figure>\n\n\n\n<p><strong>Deportes:<\/strong> Inaguraci\u00f3n del Paseo de los Campeones, <a href=\"https:\/\/www.facebook.com\/share\/v\/18SP7B91KD\/\">click aqui<\/a> para ver la transmisi\u00f3n del evento.<\/p>\n\n\n\n<p><\/p>\n","protected":false},"excerpt":{"rendered":"<p>En el marco de la celebraci\u00f3n del 349 aniversario de la fundaci\u00f3n de la Universidad de San Carlos de Guatemala, se lleva a cabo la exposici\u00f3n de una colecci\u00f3n privada de piezas de cer\u00e1mica antigua del municipio de Rabinal, Baja<\/p>\n","protected":false},"author":2,"featured_media":329,"comment_status":"closed","ping_status":"closed","sticky":false,"template":"","format":"standard","meta":{"footnotes":""},"categories":[1],"tags":[],"class_list":["post-42","post","type-post","status-publish","format-standard","has-post-thumbnail","hentry","category-uncategorized"],"_links":{"self":[{"href":"https:\/\/aniversario.usac.edu.gt\/index.php\/wp-json\/wp\/v2\/posts\/42","targetHints":{"allow":["GET"]}}],"collection":[{"href":"https:\/\/aniversario.usac.edu.gt\/index.php\/wp-json\/wp\/v2\/posts"}],"about":[{"href":"https:\/\/aniversario.usac.edu.gt\/index.php\/wp-json\/wp\/v2\/types\/post"}],"author":[{"embeddable":true,"href":"https:\/\/aniversario.usac.edu.gt\/index.php\/wp-json\/wp\/v2\/users\/2"}],"replies":[{"embeddable":true,"href":"https:\/\/aniversario.usac.edu.gt\/index.php\/wp-json\/wp\/v2\/comments?post=42"}],"version-history":[{"count":15,"href":"https:\/\/aniversario.usac.edu.gt\/index.php\/wp-json\/wp\/v2\/posts\/42\/revisions"}],"predecessor-version":[{"id":332,"href":"https:\/\/aniversario.usac.edu.gt\/index.php\/wp-json\/wp\/v2\/posts\/42\/revisions\/332"}],"wp:featuredmedia":[{"embeddable":true,"href":"https:\/\/aniversario.usac.edu.gt\/index.php\/wp-json\/wp\/v2\/media\/329"}],"wp:attachment":[{"href":"https:\/\/aniversario.usac.edu.gt\/index.php\/wp-json\/wp\/v2\/media?parent=42"}],"wp:term":[{"taxonomy":"category","embeddable":true,"href":"https:\/\/aniversario.usac.edu.gt\/index.php\/wp-json\/wp\/v2\/categories?post=42"},{"taxonomy":"post_tag","embeddable":true,"href":"https:\/\/aniversario.usac.edu.gt\/index.php\/wp-json\/wp\/v2\/tags?post=42"}],"curies":[{"name":"wp","href":"https:\/\/api.w.org\/{rel}","templated":true}]}}