{"id":49,"date":"2024-01-19T23:00:00","date_gmt":"2024-01-19T23:00:00","guid":{"rendered":"https:\/\/aniversario.usac.edu.gt\/?p=49"},"modified":"2025-02-04T17:32:47","modified_gmt":"2025-02-04T17:32:47","slug":"agenda-3-de-febrero","status":"publish","type":"post","link":"https:\/\/aniversario.usac.edu.gt\/index.php\/2024\/01\/19\/agenda-3-de-febrero\/","title":{"rendered":"Agenda 3 de Febrero de 2025"},"content":{"rendered":"\n<p>Exposici\u00f3n pictogr\u00e1fica, Rectores de la Universidad de San Carlos de Guatemala, de 1944 a la fecha, abierta al p\u00fablico hoy de 8:30.a las 20:00 hrs, en Biblioteca Central.<\/p>\n\n\n\n<p>Para ver la transmisi\u00f3n en linea del evento<a href=\"https:\/\/www.facebook.com\/watch\/?v=9125552464203881\">, click aqu\u00ed!<\/a><\/p>\n\n\n\n<figure class=\"wp-block-image size-full\"><a href=\"https:\/\/www.facebook.com\/watch\/?v=9125552464203881\"><img loading=\"lazy\" decoding=\"async\" width=\"912\" height=\"513\" src=\"https:\/\/aniversario.usac.edu.gt\/wp-content\/uploads\/2024\/01\/rectores.jpg\" alt=\"\" class=\"wp-image-326\" srcset=\"https:\/\/aniversario.usac.edu.gt\/wp-content\/uploads\/2024\/01\/rectores.jpg 912w, https:\/\/aniversario.usac.edu.gt\/wp-content\/uploads\/2024\/01\/rectores-300x169.jpg 300w, https:\/\/aniversario.usac.edu.gt\/wp-content\/uploads\/2024\/01\/rectores-768x432.jpg 768w\" sizes=\"auto, (max-width: 912px) 100vw, 912px\" \/><\/a><\/figure>\n\n\n\n<p>Contin\u00faan las actividades acad\u00e9micas en conmemoraci\u00f3n del 349 aniversario de fundaci\u00f3n de la Universidad de San Carlos de Guatemala. La afluencia de estudiantes de todas las unidades acad\u00e9micas a las instalaciones de la biblioteca central es constante, y as\u00ed conocer los aportes hist\u00f3ricos y hacer recorridos virtuales por el campus central. Las experiencias inmersivas con el uso de la realidad virtual y nuevas tecnolog\u00edas aplicadas al aprendizaje garantizan nuevos conocimientos. Esta actividad y las exposiciones fotogr\u00e1ficas estar\u00e1n disponibles hasta el viernes 7 de febrero en horario de atenci\u00f3n al p\u00fablico de Biblioteca Central. Para conocer mas haga <a href=\"https:\/\/www.facebook.com\/share\/p\/18dhM14nAN\/\">click aqu\u00ed!<\/a><\/p>\n\n\n\n<figure class=\"wp-block-image size-large\"><img loading=\"lazy\" decoding=\"async\" width=\"1024\" height=\"575\" src=\"https:\/\/aniversario.usac.edu.gt\/wp-content\/uploads\/2024\/01\/estudiantes-1024x575.jpg\" alt=\"\" class=\"wp-image-335\" srcset=\"https:\/\/aniversario.usac.edu.gt\/wp-content\/uploads\/2024\/01\/estudiantes-1024x575.jpg 1024w, https:\/\/aniversario.usac.edu.gt\/wp-content\/uploads\/2024\/01\/estudiantes-300x168.jpg 300w, https:\/\/aniversario.usac.edu.gt\/wp-content\/uploads\/2024\/01\/estudiantes-768x431.jpg 768w, https:\/\/aniversario.usac.edu.gt\/wp-content\/uploads\/2024\/01\/estudiantes-1536x863.jpg 1536w, https:\/\/aniversario.usac.edu.gt\/wp-content\/uploads\/2024\/01\/estudiantes.jpg 2048w\" sizes=\"auto, (max-width: 1024px) 100vw, 1024px\" \/><\/figure>\n\n\n\n<p>Nota de Prensa, actividad Recorrido Guiado por la Historia de la Universidad, <a href=\"https:\/\/fb.watch\/xy0IEMA8Jm\/\">click aqui<\/a> para verla.<\/p>\n\n\n\n<figure class=\"wp-block-image size-full\"><a href=\"https:\/\/fb.watch\/xy0IEMA8Jm\/\"><img loading=\"lazy\" decoding=\"async\" width=\"678\" height=\"383\" src=\"https:\/\/aniversario.usac.edu.gt\/wp-content\/uploads\/2024\/01\/tvusac1.jpg\" alt=\"\" class=\"wp-image-338\" srcset=\"https:\/\/aniversario.usac.edu.gt\/wp-content\/uploads\/2024\/01\/tvusac1.jpg 678w, https:\/\/aniversario.usac.edu.gt\/wp-content\/uploads\/2024\/01\/tvusac1-300x169.jpg 300w\" sizes=\"auto, (max-width: 678px) 100vw, 678px\" \/><\/a><\/figure>\n\n\n\n<p>Festival Art\u00edstico y Cultural en el marco de celebraci\u00f3n de los 349 a\u00f1os de fundaci\u00f3n de la Universidad de San Carlos de Guatemala, <a href=\"https:\/\/fb.watch\/xy1m6OkMQ4\/\">click aqui<\/a> para verla.<\/p>\n\n\n\n<figure class=\"wp-block-image size-full\"><a href=\"https:\/\/fb.watch\/xy1m6OkMQ4\/\"><img loading=\"lazy\" decoding=\"async\" width=\"918\" height=\"492\" src=\"https:\/\/aniversario.usac.edu.gt\/wp-content\/uploads\/2024\/01\/tvusac2.jpg\" alt=\"\" class=\"wp-image-339\" srcset=\"https:\/\/aniversario.usac.edu.gt\/wp-content\/uploads\/2024\/01\/tvusac2.jpg 918w, https:\/\/aniversario.usac.edu.gt\/wp-content\/uploads\/2024\/01\/tvusac2-300x161.jpg 300w, https:\/\/aniversario.usac.edu.gt\/wp-content\/uploads\/2024\/01\/tvusac2-768x412.jpg 768w\" sizes=\"auto, (max-width: 918px) 100vw, 918px\" \/><\/a><\/figure>\n\n\n\n<p>Muestra fotogr\u00e1fica donada por la Familia de Jacobo Arbenz Guzm\u00e1n, en la Universidad de San Carlos de Guatemala, <a href=\"https:\/\/fb.watch\/xy1uUCZBCg\/\">click aqui<\/a> para ver la nota!<\/p>\n\n\n\n<figure class=\"wp-block-image size-large\"><a href=\"https:\/\/fb.watch\/xy1uUCZBCg\/\"><img loading=\"lazy\" decoding=\"async\" width=\"1024\" height=\"608\" src=\"https:\/\/aniversario.usac.edu.gt\/wp-content\/uploads\/2024\/01\/tvusac3-1-1024x608.jpg\" alt=\"\" class=\"wp-image-343\" srcset=\"https:\/\/aniversario.usac.edu.gt\/wp-content\/uploads\/2024\/01\/tvusac3-1-1024x608.jpg 1024w, https:\/\/aniversario.usac.edu.gt\/wp-content\/uploads\/2024\/01\/tvusac3-1-300x178.jpg 300w, https:\/\/aniversario.usac.edu.gt\/wp-content\/uploads\/2024\/01\/tvusac3-1-768x456.jpg 768w, https:\/\/aniversario.usac.edu.gt\/wp-content\/uploads\/2024\/01\/tvusac3-1.jpg 1419w\" sizes=\"auto, (max-width: 1024px) 100vw, 1024px\" \/><\/a><\/figure>\n\n\n\n<p>Estudiantes de la Escuela Superior de Arte de la Universidad de San Carlos de Guatemala presentam actividades art\u00edsticas y culturales en la Plaza de las Banderas del Campus Central. Para ver la nota, haga <a href=\"https:\/\/fb.watch\/xy1QOvt_B3\/\">click aqu\u00ed!<\/a><\/p>\n\n\n\n<figure class=\"wp-block-image size-large\"><a href=\"https:\/\/fb.watch\/xy1QOvt_B3\/\"><img loading=\"lazy\" decoding=\"async\" width=\"1024\" height=\"607\" src=\"https:\/\/aniversario.usac.edu.gt\/wp-content\/uploads\/2024\/01\/danza-1024x607.jpg\" alt=\"\" class=\"wp-image-344\" srcset=\"https:\/\/aniversario.usac.edu.gt\/wp-content\/uploads\/2024\/01\/danza-1024x607.jpg 1024w, https:\/\/aniversario.usac.edu.gt\/wp-content\/uploads\/2024\/01\/danza-300x178.jpg 300w, https:\/\/aniversario.usac.edu.gt\/wp-content\/uploads\/2024\/01\/danza-768x455.jpg 768w, https:\/\/aniversario.usac.edu.gt\/wp-content\/uploads\/2024\/01\/danza-1536x910.jpg 1536w, https:\/\/aniversario.usac.edu.gt\/wp-content\/uploads\/2024\/01\/danza.jpg 1551w\" sizes=\"auto, (max-width: 1024px) 100vw, 1024px\" \/><\/a><\/figure>\n\n\n\n<p>Informaci\u00f3n deportiva en el marco de celebraci\u00f3n de los 349 a\u00f1os de la Universidad de San Carlos de Guatemala, para verla haga <a href=\"https:\/\/fb.watch\/xy264tvrC3\/\">click aqu\u00ed!<\/a><\/p>\n\n\n\n<figure class=\"wp-block-image size-large\"><a href=\"https:\/\/fb.watch\/xy264tvrC3\/\"><img loading=\"lazy\" decoding=\"async\" width=\"1024\" height=\"605\" src=\"https:\/\/aniversario.usac.edu.gt\/wp-content\/uploads\/2024\/01\/deportes-1024x605.jpg\" alt=\"\" class=\"wp-image-347\" srcset=\"https:\/\/aniversario.usac.edu.gt\/wp-content\/uploads\/2024\/01\/deportes-1024x605.jpg 1024w, https:\/\/aniversario.usac.edu.gt\/wp-content\/uploads\/2024\/01\/deportes-300x177.jpg 300w, https:\/\/aniversario.usac.edu.gt\/wp-content\/uploads\/2024\/01\/deportes-768x454.jpg 768w, https:\/\/aniversario.usac.edu.gt\/wp-content\/uploads\/2024\/01\/deportes-1536x907.jpg 1536w, https:\/\/aniversario.usac.edu.gt\/wp-content\/uploads\/2024\/01\/deportes.jpg 1559w\" sizes=\"auto, (max-width: 1024px) 100vw, 1024px\" \/><\/a><\/figure>\n","protected":false},"excerpt":{"rendered":"<p>Exposici\u00f3n pictogr\u00e1fica, Rectores de la Universidad de San Carlos de Guatemala, de 1944 a la fecha, abierta al p\u00fablico hoy de 8:30.a las 20:00 hrs, en Biblioteca Central. Para ver la transmisi\u00f3n en linea del evento, click aqu\u00ed! Contin\u00faan las<\/p>\n","protected":false},"author":2,"featured_media":326,"comment_status":"closed","ping_status":"closed","sticky":false,"template":"","format":"standard","meta":{"footnotes":""},"categories":[1],"tags":[],"class_list":["post-49","post","type-post","status-publish","format-standard","has-post-thumbnail","hentry","category-uncategorized"],"_links":{"self":[{"href":"https:\/\/aniversario.usac.edu.gt\/index.php\/wp-json\/wp\/v2\/posts\/49","targetHints":{"allow":["GET"]}}],"collection":[{"href":"https:\/\/aniversario.usac.edu.gt\/index.php\/wp-json\/wp\/v2\/posts"}],"about":[{"href":"https:\/\/aniversario.usac.edu.gt\/index.php\/wp-json\/wp\/v2\/types\/post"}],"author":[{"embeddable":true,"href":"https:\/\/aniversario.usac.edu.gt\/index.php\/wp-json\/wp\/v2\/users\/2"}],"replies":[{"embeddable":true,"href":"https:\/\/aniversario.usac.edu.gt\/index.php\/wp-json\/wp\/v2\/comments?post=49"}],"version-history":[{"count":19,"href":"https:\/\/aniversario.usac.edu.gt\/index.php\/wp-json\/wp\/v2\/posts\/49\/revisions"}],"predecessor-version":[{"id":348,"href":"https:\/\/aniversario.usac.edu.gt\/index.php\/wp-json\/wp\/v2\/posts\/49\/revisions\/348"}],"wp:featuredmedia":[{"embeddable":true,"href":"https:\/\/aniversario.usac.edu.gt\/index.php\/wp-json\/wp\/v2\/media\/326"}],"wp:attachment":[{"href":"https:\/\/aniversario.usac.edu.gt\/index.php\/wp-json\/wp\/v2\/media?parent=49"}],"wp:term":[{"taxonomy":"category","embeddable":true,"href":"https:\/\/aniversario.usac.edu.gt\/index.php\/wp-json\/wp\/v2\/categories?post=49"},{"taxonomy":"post_tag","embeddable":true,"href":"https:\/\/aniversario.usac.edu.gt\/index.php\/wp-json\/wp\/v2\/tags?post=49"}],"curies":[{"name":"wp","href":"https:\/\/api.w.org\/{rel}","templated":true}]}}